{"id":1537,"date":"2025-09-01T09:23:02","date_gmt":"2025-09-01T07:23:02","guid":{"rendered":"http:\/\/edsombra.com\/diario\/?p=1537"},"modified":"2025-09-01T09:23:02","modified_gmt":"2025-09-01T07:23:02","slug":"resumen-semanal-01-09-2025","status":"publish","type":"post","link":"http:\/\/edsombra.com\/diario\/?p=1537","title":{"rendered":"Resumen Semanal 01-09-2025"},"content":{"rendered":"<p style=\"text-align: justify;\">Llevamos algunas semanas sin escribir este #ResumenSemanal, pero entre una semana de vacaciones que nos cogimos y la semana posterior que no hab\u00eda semana que comentar, pues hemos acumulado cierto retraso. Por otro lado, ha sido agosto y hemos tenido un ritmo m\u00e1s lento (el calor complicaba concentrarse).<\/p>\n<p style=\"text-align: center;\"><img loading=\"lazy\" decoding=\"async\" src=\"http:\/\/edsombra.com\/diario\/wp-content\/uploads\/2025\/09\/Diario-01092025.jpg\" alt=\"Atardecer de agosto, fotograf\u00eda de Chechi Peinado. CC BY-NC-ND 2.0\" width=\"400\" height=\"250\" \/><!--more--><\/p>\n<p style=\"text-align: justify;\">En el almac\u00e9n tenemos un sitio para cada editorial de la distribuidora y, claro, Ediciones Sombra tiene su propio espacio. Hemos estado haciendo hueco para las dos cosas que nos llegan: la reimpresi\u00f3n de Comandos (que llega esta semana, creo) y los Exo Encartes (tambi\u00e9n esta semana y la siguiente los mapas). Este \u00faltimo va a requirir cierta manipulaci\u00f3n extra (juntarlo todo), as\u00ed que tambi\u00e9n hemos despejado una de las mesas del local. Ya estamos preparados para recibirlos.<\/p>\n<p style=\"text-align: justify;\">Hemos trabajado con el Corpus, pero nos est\u00e1 resultando un poco dif\u00edcil avanzar. Vamos muy lentos. Hay implicado un tema inform\u00e1tico en ello al que, creemos, le hemos puesto soluci\u00f3n (tambi\u00e9n nos llega esta semana). Esperamos aumentar el ritmo de trabajo al tener m\u00e1s flexibilidad sobre el lugar de trabajo.<\/p>\n<p style=\"text-align: justify;\">La revista Desde el S\u00f3tano de septiembre est\u00e1 casi terminada (faltan las noticias) y ya tenemos bastante avanzada la de octubre. Una de las ventajas de estos d\u00edas de agosto es que ten\u00edamos m\u00e1s tiempo para escribir.<\/p>\n<p style=\"text-align: justify;\">Poco m\u00e1s que comentar, hemos recargado pilas.<\/p>\n","protected":false},"excerpt":{"rendered":"<p>Llevamos algunas semanas sin escribir este #ResumenSemanal, pero entre una semana de vacaciones que nos cogimos y la semana posterior que no hab\u00eda semana que comentar, pues hemos acumulado cierto retraso. Por otro lado, ha sido agosto y hemos tenido &hellip; <a href=\"http:\/\/edsombra.com\/diario\/?p=1537\">Sigue leyendo <span class=\"meta-nav\">&rarr;<\/span><\/a><\/p>\n","protected":false},"author":1,"featured_media":0,"comment_status":"open","ping_status":"open","sticky":false,"template":"","format":"standard","meta":{"footnotes":""},"categories":[100],"tags":[50],"class_list":["post-1537","post","type-post","status-publish","format-standard","hentry","category-resumen-semanal","tag-rol"],"_links":{"self":[{"href":"http:\/\/edsombra.com\/diario\/index.php?rest_route=\/wp\/v2\/posts\/1537","targetHints":{"allow":["GET"]}}],"collection":[{"href":"http:\/\/edsombra.com\/diario\/index.php?rest_route=\/wp\/v2\/posts"}],"about":[{"href":"http:\/\/edsombra.com\/diario\/index.php?rest_route=\/wp\/v2\/types\/post"}],"author":[{"embeddable":true,"href":"http:\/\/edsombra.com\/diario\/index.php?rest_route=\/wp\/v2\/users\/1"}],"replies":[{"embeddable":true,"href":"http:\/\/edsombra.com\/diario\/index.php?rest_route=%2Fwp%2Fv2%2Fcomments&post=1537"}],"version-history":[{"count":1,"href":"http:\/\/edsombra.com\/diario\/index.php?rest_route=\/wp\/v2\/posts\/1537\/revisions"}],"predecessor-version":[{"id":1539,"href":"http:\/\/edsombra.com\/diario\/index.php?rest_route=\/wp\/v2\/posts\/1537\/revisions\/1539"}],"wp:attachment":[{"href":"http:\/\/edsombra.com\/diario\/index.php?rest_route=%2Fwp%2Fv2%2Fmedia&parent=1537"}],"wp:term":[{"taxonomy":"category","embeddable":true,"href":"http:\/\/edsombra.com\/diario\/index.php?rest_route=%2Fwp%2Fv2%2Fcategories&post=1537"},{"taxonomy":"post_tag","embeddable":true,"href":"http:\/\/edsombra.com\/diario\/index.php?rest_route=%2Fwp%2Fv2%2Ftags&post=1537"}],"curies":[{"name":"wp","href":"https:\/\/api.w.org\/{rel}","templated":true}]}}